{"id":714,"date":"2019-02-13T11:50:53","date_gmt":"2019-02-13T09:50:53","guid":{"rendered":"http:\/\/main.cse-initiative.eu\/?p=714"},"modified":"2019-02-13T11:53:33","modified_gmt":"2019-02-13T09:53:33","slug":"sauvegarde-de-la-vie-et-de-lintegrite-corporelle-de-m-julian-assange-la-suisse-doit-sengager-il-y-a-urgence-projet-de-resolution-depose-par-eric-bertinat","status":"publish","type":"post","link":"https:\/\/main.cse-initiative.eu\/?p=714","title":{"rendered":"\u00ab Sauvegarde de la vie et de l\u2019int\u00e9grit\u00e9 corporelle de M. Julian Assange : la Suisse doit s\u2019engager, il y a urgence ! \u00bb PROJET DE RESOLUTION d\u00e9pos\u00e9 par Eric Bertinat"},"content":{"rendered":"<div dir=\"ltr\">Consid\u00e9rant<\/div>\n<div dir=\"ltr\">\u2013 que d\u2019apr\u00e8s l\u2019art. 19 de la D\u00e9claration universelle des droits de l\u2019homme tout individu a droit \u00e0 la libert\u00e9 d\u2019opinion et d\u2019expression, ce qui implique la possibilit\u00e9 de chercher, de recevoir et de r\u00e9pandre les informations et les id\u00e9es par quelque moyen que ce soit sans consid\u00e9rations de fronti\u00e8res ;<\/div>\n<div dir=\"ltr\">\u2013 que la D\u00e9claration de l\u2019ONU de 1998 sur les d\u00e9fenseurs des droits de l\u2019homme dit que chacun a le droit, individuellement ou en association avec d\u2019autres, de promouvoir la protection et la r\u00e9alisation des droits de l\u2019homme et des libert\u00e9s fondamentales aux niveaux national et international ;<\/div>\n<div dir=\"ltr\">\u2013 le r\u00f4le de la Suisse en tant que d\u00e9positaire des Conventions de Gen\u00e8ve ;<\/div>\n<div dir=\"ltr\">\u2013 que d\u2019apr\u00e8s les lignes directrices de la Suisse concernant la protection des d\u00e9fenseurs des droits de l\u2019homme de 2013, la protection de ces personnes rev\u00eat une importance capitale ;<\/div>\n<div dir=\"ltr\">\u2013 que d\u2019apr\u00e8s ces lignes directrices \u00ab la Suisse plaide publiquement en faveur d\u2019une meilleure protection des d\u00e9fenseurs des droits de l\u2019homme et entreprend des d\u00e9marches aupr\u00e8s des Etats dans lesquels ces derniers sont menac\u00e9s et entrav\u00e9s dans leur travail par les autorit\u00e9s \u00bb ;<\/div>\n<div dir=\"ltr\">\u2013 que la protection et la promotion des droits de l\u2019homme ainsi que le renforcement de l\u2019Etat de droit font partie des objectifs de politique ext\u00e9rieure de la Suisse, ancr\u00e9s dans la Constitution f\u00e9d\u00e9rale ;<\/div>\n<div dir=\"ltr\">\u2013 l\u2019attachement de la Ville de Gen\u00e8ve, capitale de la paix et des droits humains, aux droits fondamentaux, r\u00e9affirm\u00e9 lors de la visite de Mme Michelle Bachelet, Haut-Commissaire des Nations Unies aux droits de l\u2019homme, le 5 d\u00e9cembre 2018 ;<\/div>\n<div dir=\"ltr\">\u2013 qu\u2019en cr\u00e9ant Wikileaks pour divulguer au grand public des informations consid\u00e9r\u00e9es comme confidentielles, M. Assange a contribu\u00e9 \u00e0 r\u00e9v\u00e9ler des cas de violations des droits de l\u2019homme ;<\/div>\n<div dir=\"ltr\">\u2013 que M. Assange a fait conna\u00eetre aux peuples du monde la v\u00e9rit\u00e9 sur des crimes de guerre, sur de nombreux coups d\u2019\u00c9tat et intrigues ;<\/div>\n<div dir=\"ltr\">\u2013 que la volont\u00e9 de M. Assange \u00e9tait de permettre \u00e0 l\u2019information de circuler et ainsi \u00e0 la d\u00e9mocratie de fonctionner sur des bases plus transparentes ;<\/div>\n<div dir=\"ltr\">\u2013 que M. Assange doit \u00eatre consid\u00e9r\u00e9 comme un fervent d\u00e9fenseur des droits humains<\/div>\n<div dir=\"ltr\">\u2013 que plusieurs personnalit\u00e9s am\u00e9ricaines ont plaid\u00e9 pour une ex\u00e9cution de M. Assange ;<\/div>\n<div dir=\"ltr\">\u2013 que M. Assange vit reclus depuis le 19 juin 2012 dans une pi\u00e8ce exigu\u00eb d\u00e9pourvue de lumi\u00e8re du jour am\u00e9nag\u00e9e en studio, au sein de l\u2019ambassade de l\u2019\u00c9quateur \u00e0 Londres ;<\/div>\n<div dir=\"ltr\">\u2013 que si M. Assange est plac\u00e9 en garde \u00e0 vue par les autorit\u00e9s britanniques, il risque d\u2019\u00eatre remis au gouvernement am\u00e9ricain, qui cherche depuis longtemps \u00e0 le traduire en justice pour des accusations d\u2019espionnage pouvant entra\u00eener la peine de mort ;<\/div>\n<div dir=\"ltr\">\u2013 que sous la pression des Etats-Unis, de la Grande-Bretagne et d\u2019autres puissances, l\u2019acc\u00e8s Internet et la ligne t\u00e9l\u00e9phonique de M. Assange ont \u00e9t\u00e9 coup\u00e9es ;<\/div>\n<div dir=\"ltr\">\u2013 que M. Assange ne peut plus b\u00e9n\u00e9ficier des soins m\u00e9dicaux appropri\u00e9s, lui faisant courir un danger mortel ;<\/div>\n<div dir=\"ltr\">le Conseil municipal de la Ville de Gen\u00e8ve demande au Conseil f\u00e9d\u00e9ral de concr\u00e9tiser sa politique de protection des d\u00e9fenseurs des droits de l\u2019homme en offrant ses bons offices et en entreprenant toutes les d\u00e9marches n\u00e9cessaires \u00e0 la sauvegarde de la vie et de l\u2019int\u00e9grit\u00e9 corporelle de M. Julian Assange<\/div>\n<div dir=\"ltr\"><\/div>\n<div dir=\"ltr\"><a href=\"https:\/\/lilianeheldkhawam.com\/2019\/02\/04\/assange-geneve-doit-se-mobiliser-par-eric-bertinat-president-du-conseil-municipal-de-la-ville-de-geneve\/\" target=\"_blank\" rel=\"noopener noreferrer\" data-auth=\"NotApplicable\">https:\/\/lilianeheldkhawam.com\/2019\/02\/04\/assange-geneve-doit-se-mobiliser-par-eric-bertinat-president-du-conseil-municipal-de-la-ville-de-geneve\/<\/a><\/div>\n","protected":false},"excerpt":{"rendered":"<p>Consid\u00e9rant \u2013 que d\u2019apr\u00e8s l\u2019art. 19 de la D\u00e9claration universelle des droits de l\u2019homme tout individu a droit \u00e0 la libert\u00e9 d\u2019opinion et d\u2019expression, ce qui implique la possibilit\u00e9 de chercher, de recevoir et de r\u00e9pandre les informations et les id\u00e9es par quelque moyen que ce soit sans consid\u00e9rations de fronti\u00e8res ; \u2013 que la D\u00e9claration de l\u2019ONU de 1998 sur les d\u00e9fenseurs des droits de l\u2019homme dit que chacun a le droit, individuellement ou en association avec d\u2019autres, de promouvoir la protection et la r\u00e9alisation des droits de l\u2019homme et des libert\u00e9s fondamentales aux niveaux national et international ; \u2013 le r\u00f4le de la Suisse en tant que d\u00e9positaire des Conventions de Gen\u00e8ve ; \u2013 que d\u2019apr\u00e8s les lignes directrices de la Suisse concernant la protection des d\u00e9fenseurs des droits de l\u2019homme de 2013, la protection de ces personnes rev\u00eat une importance capitale ; \u2013 que d\u2019apr\u00e8s ces lignes directrices \u00ab la Suisse plaide publiquement en faveur d\u2019une meilleure protection des d\u00e9fenseurs des droits de l\u2019homme et entreprend des d\u00e9marches aupr\u00e8s des Etats dans lesquels ces derniers sont menac\u00e9s et entrav\u00e9s dans leur travail par les autorit\u00e9s \u00bb ; \u2013 que la protection et la promotion des droits de &hellip; <a class=\"more-link\" href=\"https:\/\/main.cse-initiative.eu\/?p=714\">Continue reading <span class=\"meta-nav\">&rarr;<\/span><\/a><\/p>\n","protected":false},"author":1,"featured_media":0,"comment_status":"open","ping_status":"open","sticky":false,"template":"","format":"standard","meta":[],"categories":[38],"tags":[],"_links":{"self":[{"href":"https:\/\/main.cse-initiative.eu\/index.php?rest_route=\/wp\/v2\/posts\/714"}],"collection":[{"href":"https:\/\/main.cse-initiative.eu\/index.php?rest_route=\/wp\/v2\/posts"}],"about":[{"href":"https:\/\/main.cse-initiative.eu\/index.php?rest_route=\/wp\/v2\/types\/post"}],"author":[{"embeddable":true,"href":"https:\/\/main.cse-initiative.eu\/index.php?rest_route=\/wp\/v2\/users\/1"}],"replies":[{"embeddable":true,"href":"https:\/\/main.cse-initiative.eu\/index.php?rest_route=%2Fwp%2Fv2%2Fcomments&post=714"}],"version-history":[{"count":1,"href":"https:\/\/main.cse-initiative.eu\/index.php?rest_route=\/wp\/v2\/posts\/714\/revisions"}],"predecessor-version":[{"id":715,"href":"https:\/\/main.cse-initiative.eu\/index.php?rest_route=\/wp\/v2\/posts\/714\/revisions\/715"}],"wp:attachment":[{"href":"https:\/\/main.cse-initiative.eu\/index.php?rest_route=%2Fwp%2Fv2%2Fmedia&parent=714"}],"wp:term":[{"taxonomy":"category","embeddable":true,"href":"https:\/\/main.cse-initiative.eu\/index.php?rest_route=%2Fwp%2Fv2%2Fcategories&post=714"},{"taxonomy":"post_tag","embeddable":true,"href":"https:\/\/main.cse-initiative.eu\/index.php?rest_route=%2Fwp%2Fv2%2Ftags&post=714"}],"curies":[{"name":"wp","href":"https:\/\/api.w.org\/{rel}","templated":true}]}}