{"id":694,"date":"2019-01-02T14:25:44","date_gmt":"2019-01-02T12:25:44","guid":{"rendered":"http:\/\/main.cse-initiative.eu\/?p=694"},"modified":"2019-01-02T14:34:11","modified_gmt":"2019-01-02T12:34:11","slug":"deuxieme-appel-des-gilets-jaunes-de-commercyb-lassemblee-des-assemblees","status":"publish","type":"post","link":"https:\/\/main.cse-initiative.eu\/?p=694","title":{"rendered":"Pour une assembl\u00e9e des assembl\u00e9es"},"content":{"rendered":"<blockquote class=\"wp-embedded-content\" data-secret=\"vJlBujAByj\"><p><a href=\"http:\/\/www.defenddemocracy.press\/pour-une-assemblee-des-assemblees\/\">Pour une assembl\u00e9e des assembl\u00e9es<\/a><\/p><\/blockquote>\n<p><iframe class=\"wp-embedded-content\" sandbox=\"allow-scripts\" security=\"restricted\" style=\"position: absolute; clip: rect(1px, 1px, 1px, 1px);\" src=\"http:\/\/www.defenddemocracy.press\/pour-une-assemblee-des-assemblees\/embed\/#?secret=vJlBujAByj\" data-secret=\"vJlBujAByj\" width=\"600\" height=\"338\" title=\"&#8220;Pour une assembl\u00e9e des assembl\u00e9es&#8221; &#8212; Defend Democracy Press\" frameborder=\"0\" marginwidth=\"0\" marginheight=\"0\" scrolling=\"no\"><\/iframe><\/p>\n<p>Si vous \u00eates int\u00e9ress\u00e9s par notre d\u00e9marche, relayez cette vid\u00e9o et ce message en masse.<br \/>\nNous proposons que l\u2019assembl\u00e9e des assembl\u00e9es se tienne le samedi 26 janvier \u00e0 14h \u00e0 Commercy ou environs.<br \/>\nOrdre du jour et modalit\u00e9s pratiques \u00e0 venir sur notre page Facebook \u201d Les Gilets Jaunes de Commercy \u201d (<a href=\"https:\/\/www.facebook.com\/Les-Gilets-Jaunes-de-Commercy-440617629803047\/?ref=br_rs\" target=\"_blank\" rel=\"nofollow noopener\" shape=\"rect\" data-saferedirecturl=\"https:\/\/www.google.com\/url?q=https:\/\/www.facebook.com\/Les-Gilets-Jaunes-de-Commercy-440617629803047\/?ref%3Dbr_rs&amp;source=gmail&amp;ust=1546218205675000&amp;usg=AFQjCNHRAJeKISYgV3Wbn2ADUv_equ8pWQ\">https:\/\/www.facebook.com\/Les-<wbr \/>Gilets-Jaunes-de-Commercy-<wbr \/>440617629803047\/?ref=br_rs<\/a>)<br \/>\nInscription et remarques \u00e0 adresser sur\u00a0<a href=\"mailto:giletsjaunescommercy@gmail.com\" target=\"_blank\" rel=\"nofollow noopener\" shape=\"rect\">giletsjaunescommercy@gmail.com<\/a><br \/>\nH\u00e9bergement possible sur demande.<br \/>\nN\u2019h\u00e9sitez pas \u00e0 nous contacter si possible avant le 13 janvier 2018<\/p>\n<p><iframe loading=\"lazy\" width=\"640\" height=\"360\" src=\"https:\/\/www.youtube.com\/embed\/GB1-Sg4jt7Y?feature=oembed\" frameborder=\"0\" allow=\"accelerometer; autoplay; encrypted-media; gyroscope; picture-in-picture\" allowfullscreen><\/iframe><\/p>\n","protected":false},"excerpt":{"rendered":"<p>Pour une assembl\u00e9e des assembl\u00e9es Si vous \u00eates int\u00e9ress\u00e9s par notre d\u00e9marche, relayez cette vid\u00e9o et ce message en masse. Nous proposons que l\u2019assembl\u00e9e des assembl\u00e9es se tienne le samedi 26 janvier \u00e0 14h \u00e0 Commercy ou environs. Ordre du jour et modalit\u00e9s pratiques \u00e0 venir sur notre page Facebook \u201d Les Gilets Jaunes de Commercy \u201d (https:\/\/www.facebook.com\/Les-Gilets-Jaunes-de-Commercy-440617629803047\/?ref=br_rs) Inscription et remarques \u00e0 adresser sur\u00a0giletsjaunescommercy@gmail.com H\u00e9bergement possible sur demande. N\u2019h\u00e9sitez pas \u00e0 nous contacter si possible avant le 13 janvier 2018 &hellip; <a class=\"more-link\" href=\"https:\/\/main.cse-initiative.eu\/?p=694\">Continue reading <span class=\"meta-nav\">&rarr;<\/span><\/a><\/p>\n","protected":false},"author":1,"featured_media":0,"comment_status":"open","ping_status":"open","sticky":false,"template":"","format":"standard","meta":[],"categories":[38],"tags":[],"_links":{"self":[{"href":"https:\/\/main.cse-initiative.eu\/index.php?rest_route=\/wp\/v2\/posts\/694"}],"collection":[{"href":"https:\/\/main.cse-initiative.eu\/index.php?rest_route=\/wp\/v2\/posts"}],"about":[{"href":"https:\/\/main.cse-initiative.eu\/index.php?rest_route=\/wp\/v2\/types\/post"}],"author":[{"embeddable":true,"href":"https:\/\/main.cse-initiative.eu\/index.php?rest_route=\/wp\/v2\/users\/1"}],"replies":[{"embeddable":true,"href":"https:\/\/main.cse-initiative.eu\/index.php?rest_route=%2Fwp%2Fv2%2Fcomments&post=694"}],"version-history":[{"count":3,"href":"https:\/\/main.cse-initiative.eu\/index.php?rest_route=\/wp\/v2\/posts\/694\/revisions"}],"predecessor-version":[{"id":699,"href":"https:\/\/main.cse-initiative.eu\/index.php?rest_route=\/wp\/v2\/posts\/694\/revisions\/699"}],"wp:attachment":[{"href":"https:\/\/main.cse-initiative.eu\/index.php?rest_route=%2Fwp%2Fv2%2Fmedia&parent=694"}],"wp:term":[{"taxonomy":"category","embeddable":true,"href":"https:\/\/main.cse-initiative.eu\/index.php?rest_route=%2Fwp%2Fv2%2Fcategories&post=694"},{"taxonomy":"post_tag","embeddable":true,"href":"https:\/\/main.cse-initiative.eu\/index.php?rest_route=%2Fwp%2Fv2%2Ftags&post=694"}],"curies":[{"name":"wp","href":"https:\/\/api.w.org\/{rel}","templated":true}]}}