{"id":1338,"date":"2026-01-20T23:01:52","date_gmt":"2026-01-20T21:01:52","guid":{"rendered":"https:\/\/main.cse-initiative.eu\/?p=1338"},"modified":"2026-01-22T15:51:44","modified_gmt":"2026-01-22T13:51:44","slug":"politische-fragmentierung-uberarbeitete-fassung","status":"publish","type":"post","link":"https:\/\/main.cse-initiative.eu\/?p=1338","title":{"rendered":"POLITISCHE FRAGMENTIERUNG (\u00fcberarbeitete Fassung)"},"content":{"rendered":"\n<p>Wayne Hall<\/p>\n\n\n\n<p>Die Fusion kleiner systemkritischer Parteien bietet meiner Ansicht nach kein Potenzial, die&nbsp;Marginalisierung der f\u00fcr Wahrheit und Freiheit eintretenden politischen Gruppierungen&nbsp;umzukehren.<\/p>\n\n\n\n<p>Seit den Lockdowns argumentiere ich, dass es einen anderen Weg gibt, mit der politischen&nbsp;Fragmentierung umzugehen: nicht durch die Fortf\u00fchrung der Parteienlogik, sondern durch&nbsp;eine Reform der (oder \u201eeiner\u201c) zweiten Parlamentskammer, die das allgemeine Wahlrecht&nbsp;(anstelle dessen) aufgibt und sie in eine \u201eUnabh\u00e4ngige B\u00fcrgerversammlung\u201c umwandelt.&nbsp;Selbstverst\u00e4ndlich m\u00fcsste ein Gericht eingerichtet werden, das die Befugnis hat zu&nbsp;entscheiden, wer das Recht hat \u2013 oder besser gesagt, wer nicht \u2013, als \u201eunabh\u00e4ngiger&nbsp;B\u00fcrger\u201c zu gelten. Die Folge w\u00e4re, dass nicht-unabh\u00e4ngige B\u00fcrger auf die Rechte&nbsp;beschr\u00e4nkt w\u00fcrden, die B\u00fcrger heute genie\u00dfen, also das Wahlrecht und das Recht, bei&nbsp;allgemeinen Wahlen zu kandidieren. \u201eBeschr\u00e4nkt\u201c ist also nicht der richtige Ausdruck. Eine&nbsp;solche Reform w\u00fcrde der Bev\u00f6lkerung insgesamt MEHR, nicht weniger Rechte einr\u00e4umen&nbsp;als derzeit. Und zum ersten Mal scheint es m\u00f6glich, das heutige Monopol der Parteipolitik&nbsp;und der diktatorischen Massenmedien zu brechen. Verfechter der direkten Demokratie&nbsp;k\u00f6nnten sich dann darauf konzentrieren, Anw\u00e4lte und eine neue Generation von Beamten&nbsp;bei der Arbeit der Gerichte zu unterst\u00fctzen.<\/p>\n\n\n\n<p>Wie bereits angedeutet, unternahmen Mitglieder der World Freedom Alliance w\u00e4hrend des\u00a0COVID-Lockdowns einen Versuch, dar\u00fcber nachzudenken, <a href=\"https:\/\/main.cse-initiative.eu\/?p=891\">wie dies gelingen k\u00f6nnte <\/a>(ab\u00a0Minute 41:50; der Ton ist auf Englisch). (Das Video wurde inzwischen entfernt, aber ein\u00a0Transkript ist weiterhin verf\u00fcgbar: <a href=\"http:\/\/halva.proboards.com\/post\/2574\">halva.proboards.com\/post\/2574 <\/a>) Unser Fokus lag auf\u00a0dem Europ\u00e4ischen Parlament, doch die Idee lie\u00dfe sich \u00fcberall dort einbringen, wo eine\u00a0repr\u00e4sentative Demokratie etabliert ist. In der EU, deren Parlament einkammerig ist (und\u00a0auch in Griechenland selbst), m\u00fcsste eine zweite Kammer eigens daf\u00fcr geschaffen werden.\u00a0Anderswo, z. B. in Australien, wo das bestehende Oberhaus<a href=\"https:\/\/www.google.com\/search?q=The%20Senate%20and%20universal%20suffrage&amp;oq=The%20Senate%20and%20universal%20suffrage&amp;gs_lcrp=EgZjaHJvbWUyBggAEEUYOTIHCAEQIRigATIHCAIQIRiPAjIHCAMQIRiPAtIBCjE3MzQ4ajBqMTWoAgiwAgE&amp;sourceid=chrome&amp;ie=UTF-8\"> Senat <\/a>hei\u00dft, w\u00fcrde eine solche\u00a0Umgestaltung die Anerkennung der Bedeutungslosigkeit von \u201eStaatsrechten\u201c in einem\u00a0Staatenbund homogener ehemaliger Kolonien voraussetzen, in dem die Grenzen zwischen\u00a0den Staaten \u2013 vor ihrer j\u00fcngsten, unrechtm\u00e4\u00dfigen Wiedereinf\u00fchrung w\u00e4hrend der\u00a0\u201ePandemie\u201c \u2013 ebenso bedeutungslos waren wie die Grenzen zwischen Gemeinden. Um\u00a0einige andere Commonwealth-Staaten zu nennen: Der kanadische Senat war nie\u00a0demokratisch. Kanadische Senatoren werden vom Generalgouverneur auf Anraten des\u00a0Premierministers ernannt. In S\u00fcdafrika hei\u00dft das Oberhaus nach der Apartheid Nationalrat\u00a0der Provinzen, doch es hei\u00dft (oder hie\u00df zumindest vor Kurzem), dass es \u201ein seiner Rolle als\u00a0Vertreter der Provinzen behindert\u201c sei, da \u201edie Dominanz des regierenden ANC in den\u00a0Provinzen es schwierig macht festzustellen, ob die von den Provinzparlamenten erlassenen\u00a0Mandate die Interessen der Provinzen oder die der regierenden Partei vertreten.\u201c (1) In\u00a0keinem dieser L\u00e4nder w\u00fcrden also die Rechte der B\u00fcrger eingeschr\u00e4nkt, sollte ein\u00a0Oberhaus \u201eunabh\u00e4ngiger B\u00fcrger\u201c \u2013 dessen einzelne Mitglieder nicht jeder w\u00e4hlen darf \u2013\u00a0eingerichtet werden.<\/p>\n\n\n\n<p>Der Vorschlag f\u00fcr das Europ\u00e4ische Parlament sah eine zweite Kammer mit Sitz in Rum\u00e4nien&nbsp;vor. Rum\u00e4niens vierzigj\u00e4hrige Erfahrung mit kommunistischer Herrschaft, die letztlich durch Volksbeteiligung beendet wurde, soll plausiblerweise eine politisch wachsamere&nbsp;Bev\u00f6lkerung hervorgebracht haben als der westeurop\u00e4ische Durchschnitt. Zudem sei&nbsp;Rum\u00e4nien unabh\u00e4ngig von Russland und vermutlich weniger anf\u00e4llig f\u00fcr Komplizenschaft im&nbsp;Sinne einer \u201eTeile-und-Herrsche\u201c-Strategie zwischen Russland und dem Westen. Die&nbsp;Elemente des Vorschlags mit der gr\u00f6\u00dferen universellen Anwendbarkeit bieten jedoch eine&nbsp;Alternative zur Zersplitterung der Parteipolitik und der damit einhergehenden&nbsp;Manipulationsanf\u00e4lligkeit der Massenpolitik (z. B. allgemeines Wahlrecht).<\/p>\n\n\n\n<p><a href=\"https:\/\/en.wikipedia.org\/wiki\/Universal_suffrage\">Das allgemeine Wahlrecht<\/a> gilt als Errungenschaft, als ein Konzept, das sich kaum \u00e4ndern\u00a0wird und nicht einfach infrage gestellt werden kann, da es heutzutage als notwendiger\u00a0Bestandteil der Demokratie angesehen wird. Die Aufgabe besteht darin, die sch\u00e4dlichen\u00a0Aspekte des allgemeinen Wahlrechts, die seit der Antike bekannt sind, zu minimieren,\u00a0anstatt sie resigniert hinzunehmen. Demokratie ist seit den Zeiten der athenischen\u00a0Sophisten und Demagogen umstritten. Ein erster Schritt w\u00e4re sicherlich, die\u00a0Wahlm\u00f6glichkeit zu schaffen: Herrschaft durch eine Partei oder eine Koalition von Parteien\u00a0oder Herrschaft durch \u201eunabh\u00e4ngige B\u00fcrger\u201c.<\/p>\n\n\n\n<p>Wirtschaftliche Unabh\u00e4ngigkeit wird typischerweise durch den Wegfall von&nbsp;\u201eZwischenh\u00e4ndlern\u201c zwischen K\u00e4ufern und Verk\u00e4ufern angestrebt, und die Situation ist bei&nbsp;der Bereitstellung und dem Empfang von Informationen nicht un\u00e4hnlich. Mitglieder einer&nbsp;unabh\u00e4ngigen B\u00fcrgerversammlung w\u00fcrden im vorgesehenen Szenario unmittelbar und&nbsp;direkt mit ihrer politischen Basis und untereinander kommunizieren, nicht \u00fcber Journalisten&nbsp;oder Sprecher. R\u00fcckgriff auf vermittele Kommunikation w\u00e4re ein Ausschlusskriterium, ein&nbsp;Zeichen daf\u00fcr, dass man sich nicht l\u00e4nger als unabh\u00e4ngiger B\u00fcrger pr\u00e4sentieren d\u00fcrfe und,&nbsp;falls man weiterhin politisch aktiv sein wolle, dies als konventioneller Politiker tun m\u00fcsse \u2013&nbsp;frei, einer Partei anzugeh\u00f6ren und deren Disziplin zu unterliegen, aber nicht frei, als&nbsp;\u201eunabh\u00e4ngiger B\u00fcrger\u201c zu gelten.<\/p>\n\n\n\n<p>Aktivisten, die sich mit dem Problem der Medien auseinandergesetzt haben \u2013 deren&nbsp;Desinformation heute buchst\u00e4blich lebensbedrohlich geworden ist \u2013 versuchen&nbsp;typischerweise, Regulierungsformeln zu entwickeln (von wem?) oder schlagen Boykotte und&nbsp;andere Ma\u00dfnahmen vor, die Massendisziplin erfordern und in den \u201euns\u201c bekannten&nbsp;Gemeinschaften wohl eher utopisch sind. Die L\u00f6sung einer alternativen Regierungsform, zu&nbsp;der die Medien keinen Zugang haben, wurde meines Wissens bisher nicht eingehend&nbsp;untersucht. Die Unabh\u00e4ngige B\u00fcrgerversammlung m\u00fcsste in Konkurrenz zu den&nbsp;bestehenden politischen Institutionen stehen: Sie m\u00fcsste um ein Mandat konkurrieren,&nbsp;beispielsweise in einer alle f\u00fcnf Jahre stattfindenden Volksabstimmung (mit allgemeinem&nbsp;Wahlrecht). Die gewinnende Versammlung h\u00e4tte die tats\u00e4chliche&nbsp;Gesetzgebungskompetenz. Die unterlegene Seite w\u00fcrde zu einem beratenden Gremium.<\/p>\n\n\n\n<p>Die Beschr\u00e4nkung der Volksabstimmungen auf die Frage, welches der beiden&nbsp;konkurrierenden Parlamente f\u00fcr einen bestimmten Zeitraum zur Gesetzgebung befugt ist,&nbsp;unterscheidet diesen Vorschlag von den \u00fcblichen Empfehlungen von Verfechtern der&nbsp;direkten Demokratie und Bewunderern des bestehenden Schweizer Regierungsmodells, bei&nbsp;dem die Rolle der Volksabstimmung auf eine Vielzahl politischer Fragen ausgedehnt wird.&nbsp;Die Frage \u201eWer entscheidet?\u201c ist einfacher und meiner Meinung nach realistischer. Nat\u00fcrlich&nbsp;wird das Konzept der Unabh\u00e4ngigen B\u00fcrgerversammlung zun\u00e4chst ungewohnt sein: Der&nbsp;Wettbewerb zwischen den beiden Systemen w\u00e4re anfangs kein Wettbewerb zwischen&nbsp;Gleichberechtigten. Wenn eine der beiden Seiten im alle f\u00fcnf Jahre stattfindenden allgemeinen Referendum das Mandat gewinnt, muss es unmittelbar nach dem Referendum&nbsp;m\u00f6glich sein, das Ergebnis auf allen lokalen Ebenen \u2013 regional, kommunal usw. \u2013&nbsp;anzufechten. Dieses Ergebnis muss dann bis zum n\u00e4chsten allgemeinen Referendum (nach&nbsp;Ablauf der f\u00fcnf Jahre) respektiert werden. Beide Versammlungen w\u00e4hlen einen&nbsp;Vorsitzenden; der Vorsitzende der im Referendum siegreichen Seite wird Regierungschef:&nbsp;der Premierminister.<\/p>\n\n\n\n<p>Die hier vorgestellten Ideen werden in unserem Umfeld mit bekannteren,&nbsp;direktdemokratischen Konzepten konkurrieren, die darauf abzielen, \u201ealle\u201c in politische&nbsp;Entscheidungsprozesse einzubeziehen. Betrachtet man die enthusiastische Akzeptanz der&nbsp;Selbstjustiz gegen Impfgegner w\u00e4hrend der COVID-Lockdowns, so ist der Wunsch, die&nbsp;Mitb\u00fcrger im Namen der \u201eAutorit\u00e4t\u201c zu \u00fcberwachen, recht stark und wahrscheinlich st\u00e4rker&nbsp;als der Wunsch nach konstruktiven Beitr\u00e4gen zur Demokratie. Aktivisten, die \u201ealle\u201c&nbsp;politisieren wollen, sollten ermutigt werden, bei der Umsetzung von Gerichtsurteilen&nbsp;mitzuwirken, die bestimmte Personen und Gruppen von der Anerkennung als \u201eunabh\u00e4ngige&nbsp;B\u00fcrger\u201c ausschlie\u00dfen. Diejenigen, die sich in einer negativen Haltung am wohlsten f\u00fchlen,&nbsp;sollten unterst\u00fctzt werden, wenn diese Negativit\u00e4t potenziell n\u00fctzlich ist.<\/p>\n\n\n\n<p>Im Vergleich zu einfacheren F\u00f6derationen wie Australien oder den Vereinigten Staaten gibt&nbsp;es in der Europ\u00e4ischen Union nat\u00fcrlich zus\u00e4tzliche Komplikationen (genauer gesagt&nbsp;mehrere). Einige EU-Mitgliedstaaten sind konstitutionelle Monarchien, andere&nbsp;parlamentarische Republiken und wieder andere pr\u00e4sidentielle Republiken. Die Einf\u00fchrung&nbsp;einer unabh\u00e4ngigen B\u00fcrgerversammlung k\u00f6nnte die Frage nach dem Staatsoberhaupt&nbsp;verkomplizieren. Es w\u00e4re jedoch denkbar, dass die Identit\u00e4t des Staatsoberhaupts&nbsp;(Ministerpr\u00e4sidenten) \u2013 unabh\u00e4ngig davon, ob das derzeitige Staatsoberhaupt ein erblicher&nbsp;Monarch oder ein Pr\u00e4sident ist \u2013 vom Ergebnis des alle f\u00fcnf Jahre stattfindenden&nbsp;allgemeinen Referendums abh\u00e4ngt. W\u00fcrde das Mandat vom Parlament mit allgemeinem&nbsp;Wahlrecht errungen, w\u00e4re der von diesem Parlament gew\u00e4hlte Vorsitzende&nbsp;Ministerpr\u00e4sident. W\u00fcrde das Mandat von der unabh\u00e4ngigen B\u00fcrgerversammlung errungen,&nbsp;w\u00e4re der von dieser Versammlung gew\u00e4hlte Vorsitzende ebenfalls Ministerpr\u00e4sident. Die&nbsp;Identit\u00e4t des Staatsoberhaupts w\u00fcrde somit durch eine Wahl bestimmt, die entweder per&nbsp;allgemeinem Wahlrecht oder durch eine Abstimmung unabh\u00e4ngiger B\u00fcrger stattfindet, je&nbsp;nachdem, wer das Mandat gewonnen hat. W\u00fcrde das Mandat von der unabh\u00e4ngigen&nbsp;B\u00fcrgerversammlung errungen und w\u00e4re das Staatsoberhaupt ein erblicher Monarch, w\u00e4ren&nbsp;dessen Aufgaben ausschlie\u00dflich repr\u00e4sentativer Natur, w\u00e4hrend die verfassungsm\u00e4\u00dfigen&nbsp;Funktionen einem vom Ministerpr\u00e4sidenten ernannten Staatsoberhaupt \u00fcbertragen w\u00fcrden.<\/p>\n\n\n\n<p>Dies sind nur einige Punkte zur weiteren Erl\u00e4uterung der bereits <a href=\"https:\/\/main.cse-initiative.eu\/?p=322\">hier<\/a> und <a href=\"https:\/\/www.youtube.com\/watch?v=66hjvAFpeu8\">hier<\/a> begonnenen&nbsp;Diskussionen .<\/p>\n\n\n\n<p>Wird <a href=\"https:\/\/www.europarl.europa.eu\/pdfs\/news\/expert\/2024\/2\/press_release\/20240223IPR18095\/20240223IPR18095_en.pdf\">diese Abstimmung<\/a> des Europ\u00e4ischen Parlaments die Akzeptanz der Notwendigkeit&nbsp;einer unabh\u00e4ngigen B\u00fcrgerversammlung beschleunigen?<\/p>\n\n\n\n<p>(1)<strong> Nzwana Erik Boskati<\/strong>: F\u00f6rderung provinzieller Interessen: <a href=\"http:\/\/redirect.viglink.com\/?key=71fe2139a887ad501313cd8cce3053c5&amp;subId=1212790&amp;u=https%3A\/\/scholar.sun.ac.za\/items\/3bc629a2-dc87-4d09-831e-746352f3d4e5\">Die Rolle des Nationalrats der&nbsp;Provinzen<\/a> in der nationalen Legislative (<strong>Zusammenfassung<\/strong>)<\/p>\n\n\n\n<p>Eine in der Diskussion aufgeworfene Frage betrifft das Wahlrecht f\u00fcr Kandidaten der&nbsp;Unabh\u00e4ngigen B\u00fcrgerversammlung. Es scheint, dass die Wahlrechte f\u00fcr die beiden&nbsp;Versammlungen getrennt werden m\u00fcssten. Man m\u00fcsste sich f\u00fcr eine der beiden&nbsp;Versammlungen entscheiden, au\u00dfer bei nationalen, regionalen oder lokalen&nbsp;Volksabstimmungen, die per allgemeiner Wahl entschieden werden m\u00fcssten. Es w\u00e4re&nbsp;zudem ratsam, die Verwendung der ersten Person Plural sowohl f\u00fcr die Vertreter als auch&nbsp;f\u00fcr die W\u00e4hler der Unabh\u00e4ngigen B\u00fcrgerversammlung zu unterbinden, um ihren&nbsp;parteiunabh\u00e4ngigen Charakter zu betonen.<\/p>\n\n\n\n<p>PS: Nach ergebnislosen Gespr\u00e4chen mit dem Autor <a href=\"https:\/\/halva.proboards.com\/post\/2867\">Eric Zuesse<\/a> beschlossen Nikos\u00a0Vakolidis und ich, dem Konzept der Unabh\u00e4ngigen B\u00fcrgerversammlung zwei weitere\u00a0Bestimmungen hinzuzuf\u00fcgen: Erstens sollen die Vertreter per Losverfahren aus den aktiven\u00a0Unterst\u00fctzern der Versammlung gew\u00e4hlt werden, und zweitens soll die Mitarbeit in der\u00a0Versammlung unentgeltlich sein.<\/p>\n\n\n\n<p><a href=\"https:\/\/cairnsnews.org\/2024\/05\/04\/australian-courts-bought-by-pfizer-and-big-pharma-retired-barrister-julian-gillespie-speaks-out\/\">Wichtiger Input<\/a> : <a href=\"http:\/\/cairnsnews.org\/2024\/05\/04\/australian-courts-bought-by-pfizer-and-big-pharma-retired-barrister-julian-gillespie-speaks-out\/\">cairnsnews.org\/2024\/05\/04\/australian-courts-bought-by-pfizer-and-big-pharma-retired-barrister-julian-gillespie-speaks-out\/<\/a><\/p>\n\n\n\n<p>Wayne Hall schreibt: In ihrem <a href=\"https:\/\/halva.proboards.com\/post\/3069\">zweiten Interview<\/a> mit Dr. John Campbell sagte Ros Nealon-Cook: \u201eIch habe ehrlich gesagt nicht mehr viel Vertrauen in die Regierungen. Nach dem,\u00a0was ich in den letzten Jahren erlebt habe. Und ich sage das nur ungern. Es macht mich\u00a0traurig, das sagen zu m\u00fcssen. Ich w\u00fcnschte, wir k\u00f6nnten es \u00e4ndern. Aber dem ist nicht so.\u00a0Ich glaube, die Regierungen, die Systeme, die uns derzeit regieren, m\u00fcssen sich\u00a0grundlegend \u00e4ndern. Ich habe keine Antwort darauf, wie das geschehen k\u00f6nnte.\u201c<\/p>\n\n\n\n<p>Im Oktober 2024 reisten Nikos Vakolidis und Wayne Hall nach Rum\u00e4nien, um mit politisch&nbsp;aktiven und, wie wir einsch\u00e4tzten, gut informierten Rum\u00e4nen zu sprechen, die wir erreichen&nbsp;konnten, um die Frage, wie das geschehen k\u00f6nnte, weiter zu ergr\u00fcnden.<\/p>\n\n\n\n<p>Wir hatten bereits erste \u00dcberlegungen angestellt und erhielten dazu R\u00fcckmeldung (<a href=\"https:\/\/halva.proboards.com\/post\/2670\">Marvins\u00a0Antwort<\/a>) von dem rum\u00e4nischen Schriftsteller Calistrat (Marvin) Atudorei (der auch auf\u00a0Englisch publiziert hat).<\/p>\n\n\n\n<p>Eine weitere Ausarbeitung dieser ersten \u00dcberlegungen ist offensichtlich notwendig. Anders&nbsp;als die Europ\u00e4ische Union, Griechenland und Australien verf\u00fcgt Rum\u00e4nien bereits \u00fcber ein&nbsp;Zweikammerparlament und ein Verfassungsgericht. Deren Effektivit\u00e4t ist eine andere Frage,&nbsp;doch zun\u00e4chst wollen wir uns auf die Tatsache konzentrieren, dass sie existieren.<\/p>\n\n\n\n<p>Warum das griechische Parlament einkammerig ist, erkl\u00e4rt \u201eAI Overview\u201c wie folgt: \u201eDie&nbsp;politische Geschichte des Landes und aktuelle Gegebenheiten sprechen f\u00fcr ein einziges,&nbsp;effizienteres Parlament. Diese Entscheidung entspricht modernen demokratischen Trends&nbsp;und vermeidet m\u00f6gliche Blockaden und h\u00f6here Kosten, die mit einem Zweikammersystem&nbsp;verbunden w\u00e4ren.\u201c Obwohl es in Griechenland historisch gesehen von 1844 bis 1863 und&nbsp;erneut von 1927 bis 1935 einen Senat gab, ist das Land seither zu einem&nbsp;Einkammerparlament \u00fcbergegangen. Vereinigungsfreiheit, allgemeines Wahlrecht,&nbsp;Meinungs-, Religions- und Redefreiheit gelten weithin als grundlegende demokratische Rechte, doch gleichzeitig ist die Unzufriedenheit mit dem bestehenden \u201eSystem\u201c sehr gro\u00df.&nbsp;Der Begriff \u201ealternative Politik\u201c hat als Slogan an Popularit\u00e4t gewonnen, konkrete&nbsp;Vorschl\u00e4ge, wie eine solche Alternative aussehen k\u00f6nnte und ob sie sich von einem&nbsp;parteipolitischen Wettbewerb mit allgemeinem Wahlrecht oder Volksabstimmungen (nach&nbsp;Schweizer Vorbild) unterscheiden w\u00fcrde, fehlen jedoch weitgehend.<\/p>\n\n\n\n<p>Mir ist noch nicht bekannt, dass jemand den Vorschlag unterbreitet h\u00e4tte, den Wettbewerb&nbsp;zwischen den beiden Parlamentskammern anstelle des Wettbewerbs zwischen den Parteien&nbsp;zu etablieren. K\u00f6nnte dies die Grundlage f\u00fcr ein gerechteres und effektiveres politisches&nbsp;System bilden? Wo bereits ein Senat existiert, wird dieser wahrscheinlich entweder aus&nbsp;politisch ernannten Mitgliedern bestehen oder, wie das bestehende Unterhaus, auf dem&nbsp;allgemeinen Wahlrecht basieren. (In der englischsprachigen politischen Tradition ist diese&nbsp;Art der Doppelung das Ergebnis einer \u201edemokratischen<\/p>\n\n\n\n<p>Reform\u201c, die angeblich gegen \u201eElitismus\u201c gerichtet ist.)<\/p>\n\n\n\n<p>Die Umwandlung einer solchen Versammlung in ein Haus \u201eaktiver B\u00fcrger\u201c bedeutet die&nbsp;Abschaffung des allgemeinen Wahlrechts. Solange dies jedoch nur f\u00fcr eine der beiden (nun&nbsp;konkurrierenden) Parlamentskammern gilt, stellt es eine Erweiterung und keine&nbsp;Einschr\u00e4nkung der Rechte dar. Wo Wahlpflicht besteht, muss diese abgeschafft werden.<\/p>\n\n\n\n<p>B\u00fcrgerinnen und B\u00fcrger m\u00fcssen dann entscheiden, ob sie ihre politischen Rechte durch die&nbsp;Wahl von Abgeordneten im Unterhaus oder durch eine Kandidatur f\u00fcr ein politisches Amt im&nbsp;Senat aus\u00fcben m\u00f6chten. Sollte ein B\u00fcrger oder eine B\u00fcrgerin die Voraussetzungen f\u00fcr eine&nbsp;Ernennung zum Senat nicht erf\u00fcllen, kann er oder sie jederzeit wieder seine\/ihre politischen&nbsp;Rechte als W\u00e4hler oder Kandidat f\u00fcr das Unterhaus aus\u00fcben.<\/p>\n\n\n\n<p>Senatoren werden f\u00fcr eine feste Amtszeit ernannt und per Losverfahren bestimmt. Ihre&nbsp;Geh\u00e4lter orientieren sich an ihrem Gehalt vor ihrer Berufung in den Senat. Ihnen wird kein&nbsp;Recht auf mediale Kommunikation, etwa \u00fcber Journalisten oder andere Vermittler, gew\u00e4hrt.&nbsp;Ob der Senat oder das Repr\u00e4sentantenhaus legislative oder beratende Befugnisse aus\u00fcbt,&nbsp;wird alle f\u00fcnf Jahre in einem allgemeinen Volksentscheid entschieden. &nbsp;<\/p>\n\n\n\n<p>Neben der \u00dcberwindung der Tyrannei des medienpolitisch gepr\u00e4gten Diktatur-Systems\u00a0zielen die hier unterbreiteten Vorschl\u00e4ge darauf ab, die negativen Auswirkungen der \u201evon\u00a0oben\u201c verordneten Teile-und-Herrsche-Politik zu bek\u00e4mpfen. Nat\u00fcrlich wird dieser \u201eTeile-und-Herrsche\u201c-Reflex auf allen Ebenen der Gesellschaft von unz\u00e4hligen Akteuren,\u00a0professionellen wie \u201eAmateuren\u201c, angewendet. Er tritt \u00fcberall dort in Erscheinung, wo\u00a0Uneinigkeit herrscht oder von einigen gezielt gesch\u00fcrt wird. Er ist untrennbar mit\u00a0imperialistischer Herrschaft verbunden, und seine einzig denkbare, allgemein akzeptable\u00a0Rechtfertigung ist das Bed\u00fcrfnis nach einer globalen Verkehrssprache, einer Sprache, die\u00a0\u201ejeder\u201c oder zumindest so viele Menschen wie m\u00f6glich verstehen und zur Kommunikation\u00a0nutzen k\u00f6nnen. Die englische Sprache scheint diesen Wettstreit faktisch gewonnen zu\u00a0haben, und wenn dem so ist, f\u00e4llt es (mir) schwer, eine weitere Rechtfertigung f\u00fcr\u00a0\u201eglobalistische\u201c Politik zu erkennen. K\u00f6nnen ethnisch zentrierte, einsprachige\u00a0Englischsprecher an den Rand gedr\u00e4ngt werden? Dies ist ein Kampf, der in den USA,\u00a0Gro\u00dfbritannien und den englischsprachigen Siedlergesellschaften des Commonwealth\u00a0ausgetragen wird. Stellen China und selbst Russland diese Sichtweise in Frage und\u00a0versuchen, ihre eigene(n) Sprache(n) als internationale Verkehrssprache durchzusetzen? Ich glaube nicht. Frankreich, dessen Kulturpolitik weniger liberal ist als die englischsprachige\u00a0Norm, wird wohl weiterhin einen Nischenmarkt als Elitesprache beanspruchen. Und dann ist\u00a0da noch Spanisch. <a href=\"https:\/\/en.wikipedia.org\/wiki\/Liah_Greenfeld\">Liah Greenfeld<\/a> , deren Buch \u201eNationalismus\u201c den Nationalismus in\u00a0England, Frankreich, Russland, Deutschland und den Vereinigten Staaten untersucht,\u00a0ignoriert Spanien v\u00f6llig. Warum? Gibt es eine Antwort auf diese Frage?<\/p>\n\n\n\n<figure class=\"wp-block-embed is-type-video is-provider-youtube wp-block-embed-youtube wp-embed-aspect-16-9 wp-has-aspect-ratio\"><div class=\"wp-block-embed__wrapper\">\n<iframe loading=\"lazy\" title=\"Liah Greenfeld - &quot;Nationalism in the 21st Century&quot; Academic Talks 4\" width=\"640\" height=\"360\" src=\"https:\/\/www.youtube.com\/embed\/hFJRH5F4hTc?feature=oembed\" frameborder=\"0\" allow=\"accelerometer; autoplay; clipboard-write; encrypted-media; gyroscope; picture-in-picture; web-share\" referrerpolicy=\"strict-origin-when-cross-origin\" allowfullscreen><\/iframe>\n<\/div><\/figure>\n\n\n\n<p>Es ist ein offenes Geheimnis, dass Israel sich den Ruf eines Meisters der \u201eTeile-und-herrsche\u201c-Strategie erworben hat, und in seinem Fall erscheint die Notwendigkeit einer&nbsp;gemeinsamen Sprache nicht als stichhaltige Rechtfertigung. Wird es jemals m\u00f6glich sein,&nbsp;ein Verbot zu erlassen, das die aktive Unterst\u00fctzung von Ansichten verbietet, denen man&nbsp;nicht zustimmt, um Zwietracht unter politischen Gegnern zu s\u00e4en? Kann ein solches Ziel&nbsp;jemals explizit formuliert und umgesetzt werden?<\/p>\n\n\n\n<p>Haben die Clintons dies mit Trump getan? &nbsp;<\/p>\n\n\n\n<p><strong>Neujahrstag 2026<\/strong><\/p>\n\n\n\n<p><strong>Politik \u2013 Was ist zu tun?<\/strong><\/p>\n\n\n\n<p>Der griechische Historiker Herodot, der als Untertan des Persischen Reiches aufwuchs,&nbsp;schreibt dem jungen Darius folgende Worte zu, als dieser sich in kameradschaftliche&nbsp;Debatten mit Mitverschw\u00f6rern begab: \u201eIn einer Demokratie sind Missst\u00e4nde unvermeidlich.&nbsp;Korrupte Machenschaften im Staatsdienst f\u00fchren jedoch nicht zu privaten Fehden wie in&nbsp;Oligarchien, sondern zu engen pers\u00f6nlichen B\u00fcndnissen (zur Absprache), bei denen die&nbsp;Beteiligten sich gegenseitig unterst\u00fctzen. Dies setzt sich fort, bis jemand als Vork\u00e4mpfer des&nbsp;Volkes auftritt und die Cliquen, die nur ihre eigenen Interessen verfolgen, zerschl\u00e4gt.&nbsp;Dadurch gewinnt er (sie?) die Bewunderung der Menge, und dieser Person wird die&nbsp;absolute Macht anvertraut.\u201c Die Schlussfolgerung lautet, dass der Kreislauf dann von neuem&nbsp;beginnt.<\/p>\n\n\n\n<p>Als Darius Kaiser von Persien wurde, bestand seine L\u00f6sung f\u00fcr das Problem der Korruption&nbsp;in der Hinrichtung, hoffentlich zun\u00e4chst der Korrupten. In j\u00fcngerer Zeit, nach der&nbsp;gescheiterten englischen Revolution Oliver Cromwells und den darauffolgenden Reformen&nbsp;in Gro\u00dfbritannien und den Vereinigten Staaten, galt die \u201eGewaltenteilung\u201c, einschlie\u00dflich&nbsp;Zweikammerparlamenten, als Mittel gegen Korruption. Die demokratischen Parlamente&nbsp;wurden dabei von \u201eihren Vorgesetzten\u201c \u00fcberwacht und kontrolliert. &nbsp;<\/p>\n\n\n\n<p>Zweikammerparlamente mit einer Kontrollkammer sollten eine gewisse Kontrolle oder&nbsp;Begrenzung der Korruption erm\u00f6glichen und wurden im modernen Griechenland (von 1844&nbsp;bis 1864 und erneut von 1927 bis 1935) erprobt. Griechenland entschied sich jedoch&nbsp;letztendlich f\u00fcr ein Einkammerparlament mit allgemeinem Wahlrecht, angeblich aus&nbsp;Gr\u00fcnden der Effizienz und Wirtschaftlichkeit, aber auch zur F\u00f6rderung der Gleichheit. Athen verzichtete zudem auf ein Verfassungsgericht, obwohl beispielsweise auch Rum\u00e4nien die&nbsp;Notwendigkeit einer solchen Institution bejaht.<\/p>\n\n\n\n<p>In Griechenland besteht formal Wahlpflicht, doch in der Praxis gehen viele Griechen nicht&nbsp;w\u00e4hlen, sei es aus Faulheit oder aus bewusster Entscheidung. Wir (\u201ewir\u201c?) vertreten die&nbsp;Position, dass die Wahlpflicht und damit auch das allgemeine Wahlrecht abgeschafft werden&nbsp;sollten.<\/p>\n\n\n\n<p>Es ist jedoch die Pflicht, die abgeschafft werden sollte, nicht das Recht. Wer das allgemeine&nbsp;Wahlrecht w\u00fcnscht, sollte es erhalten k\u00f6nnen, und wer etwas anderes bevorzugt, sollte&nbsp;seiner Fantasie freien Lauf lassen und es selbst gestalten.<\/p>\n\n\n\n<p>Manche Menschen sehen sich selbst \u2013 oder werden von anderen \u2013 als potenzielle Politiker&nbsp;oder, h\u00f6flicher ausgedr\u00fcckt, als \u201eRepr\u00e4sentanten\u201c.<\/p>\n\n\n\n<p>Sie sollen dies klar zum Ausdruck bringen und dokumentieren lassen. Auch diejenigen, die&nbsp;keine \u201eRepr\u00e4sentanten\u201c sein wollen, sondern sich lediglich eine gerechtere, menschlichere&nbsp;und umweltschonendere Gesellschaft w\u00fcnschen, sollen dies deutlich machen. Dann g\u00e4be&nbsp;es zwei klar getrennte Kategorien von Nichtw\u00e4hlern mit unterschiedlichem Grad an&nbsp;Politisierung und Ambitionen oder Eitelkeit.<\/p>\n\n\n\n<p>Es w\u00e4re dann Aufgabe des Verfassungsgerichts zu entscheiden, welche B\u00fcrger nicht das&nbsp;sein d\u00fcrfen, was sie anstreben. Dies w\u00fcrde ihre Rechte auf die Rechte beschr\u00e4nken, die&nbsp;derzeit allen B\u00fcrgern zustehen, n\u00e4mlich das Wahlrecht bei allgemeinen Wahlen und das&nbsp;Recht, bei allgemeinen Wahlen zu kandidieren. Selbstverst\u00e4ndlich sollte jeder B\u00fcrger das&nbsp;Recht haben, dauerhaft dem Status eines normalen B\u00fcrgers anzugeh\u00f6ren oder in diesen&nbsp;zur\u00fcckzukehren und alle damit verbundenen Rechte zu genie\u00dfen.<\/p>\n\n\n\n<p>Die Kandidaten f\u00fcr die Mitgliedschaft in einem alternativen Parlament, die die Pr\u00fcfung des&nbsp;Verfassungsgerichts bestehen und dem Schicksal des ehemaligen rum\u00e4nischen&nbsp;Pr\u00e4sidentschaftskandidaten Calin Georgescu (und damit dem besch\u00e4menden&nbsp;Pr\u00e4zedenzfall) entgehen, erhalten das Recht, an einem Losverfahren teilzunehmen. Ein&nbsp;solches alternatives Parlament, beispielsweise ein Senat oder Legislativrat, wird gebildet&nbsp;und tritt gegen das Parlament der gew\u00e4hlten Abgeordneten an.<\/p>\n\n\n\n<p>Die Mitglieder des alternativen Parlaments sprechen in der Ich-Form, als Einzelpersonen,&nbsp;und kommunizieren direkt mit der \u00d6ffentlichkeit und ihren Kollegen \u00fcber Kan\u00e4le, die sie&nbsp;selbst kontrollieren. Jegliche Kommunikation \u00fcber Medien in ihrem Namen ist untersagt. Die&nbsp;Kontaktaufnahme mit Journalisten f\u00fchrt automatisch zum Ausschluss aus dem alternativen&nbsp;Parlament. Jeder weitere Versuch, im \u00f6ffentlichen Leben aktiv zu bleiben, erfordert dann&nbsp;eine Kandidatur als regul\u00e4rer Politiker. Das Einkommen der Mitglieder des alternativen&nbsp;Parlaments entspricht ihrem Einkommen vor ihrer politischen Ernennung.<\/p>\n\n\n\n<p>Zusammenfassend l\u00e4sst sich sagen, dass das zuk\u00fcnftige Zweikammerparlament nicht mit&nbsp;seinen griechischen Vorg\u00e4ngern des 19. und 20. Jahrhunderts (oder dem Parlament des australischen Bundesstaates Queensland vor der Abschaffung des Oberhauses)&nbsp;vergleichbar w\u00e4re, bei denen sich die beiden Kammern erg\u00e4nzten. Sie w\u00fcrden miteinander&nbsp;konkurrieren, wie es Parteien heute tun und auch weiterhin im herk\u00f6mmlichen Plenum tun&nbsp;w\u00fcrden. Zudem w\u00fcrden die Kammern untereinander um das Mandat des Volkes wetteifern.<\/p>\n\n\n\n<p>Wie bereits erw\u00e4hnt, w\u00fcrde jedes Mitglied der jeweils anderen Kammer als Einzelperson&nbsp;sprechen.<\/p>\n\n\n\n<p>Muss dieser Formel noch etwas hinzugef\u00fcgt werden?<\/p>\n\n\n\n<p>In den gef\u00fchrten Diskussionen wurde versucht, diese Frage (<a href=\"https:\/\/halva.proboards.com\/post\/2531\">auf Englisch<\/a>) zu beantworten.\u00a0in Rum\u00e4nien \u00a0(nach unten scrollen) im Oktober 2024. \u00a0<\/p>\n","protected":false},"excerpt":{"rendered":"<p>Wayne Hall Die Fusion kleiner systemkritischer Parteien bietet meiner Ansicht nach kein Potenzial, die&nbsp;Marginalisierung der f\u00fcr Wahrheit und Freiheit eintretenden politischen Gruppierungen&nbsp;umzukehren. Seit den Lockdowns argumentiere ich, dass es einen anderen Weg gibt, mit der politischen&nbsp;Fragmentierung umzugehen: nicht durch die Fortf\u00fchrung der Parteienlogik, sondern durch&nbsp;eine Reform der (oder \u201eeiner\u201c) zweiten Parlamentskammer, die das allgemeine Wahlrecht&nbsp;(anstelle dessen) aufgibt und sie in eine \u201eUnabh\u00e4ngige B\u00fcrgerversammlung\u201c umwandelt.&nbsp;Selbstverst\u00e4ndlich m\u00fcsste ein Gericht eingerichtet werden, das die Befugnis hat zu&nbsp;entscheiden, wer das Recht hat \u2013 oder besser gesagt, wer nicht \u2013, als \u201eunabh\u00e4ngiger&nbsp;B\u00fcrger\u201c zu gelten. Die Folge w\u00e4re, dass nicht-unabh\u00e4ngige B\u00fcrger auf die Rechte&nbsp;beschr\u00e4nkt w\u00fcrden, die B\u00fcrger heute genie\u00dfen, also das Wahlrecht und das Recht, bei&nbsp;allgemeinen Wahlen zu kandidieren. \u201eBeschr\u00e4nkt\u201c ist also nicht der richtige Ausdruck. Eine&nbsp;solche Reform w\u00fcrde der Bev\u00f6lkerung insgesamt MEHR, nicht weniger Rechte einr\u00e4umen&nbsp;als derzeit. Und zum ersten Mal scheint es m\u00f6glich, das heutige Monopol der Parteipolitik&nbsp;und der diktatorischen Massenmedien zu brechen. Verfechter der direkten Demokratie&nbsp;k\u00f6nnten sich dann darauf konzentrieren, Anw\u00e4lte und eine neue Generation von Beamten&nbsp;bei der Arbeit der Gerichte zu unterst\u00fctzen. Wie bereits angedeutet, unternahmen Mitglieder der World Freedom Alliance w\u00e4hrend des\u00a0COVID-Lockdowns einen Versuch, dar\u00fcber nachzudenken, wie dies gelingen k\u00f6nnte (ab\u00a0Minute 41:50; der Ton ist auf Englisch). (Das Video wurde inzwischen &hellip; <a class=\"more-link\" href=\"https:\/\/main.cse-initiative.eu\/?p=1338\">Continue reading <span class=\"meta-nav\">&rarr;<\/span><\/a><\/p>\n","protected":false},"author":1,"featured_media":0,"comment_status":"open","ping_status":"open","sticky":false,"template":"","format":"standard","meta":[],"categories":[175],"tags":[],"_links":{"self":[{"href":"https:\/\/main.cse-initiative.eu\/index.php?rest_route=\/wp\/v2\/posts\/1338"}],"collection":[{"href":"https:\/\/main.cse-initiative.eu\/index.php?rest_route=\/wp\/v2\/posts"}],"about":[{"href":"https:\/\/main.cse-initiative.eu\/index.php?rest_route=\/wp\/v2\/types\/post"}],"author":[{"embeddable":true,"href":"https:\/\/main.cse-initiative.eu\/index.php?rest_route=\/wp\/v2\/users\/1"}],"replies":[{"embeddable":true,"href":"https:\/\/main.cse-initiative.eu\/index.php?rest_route=%2Fwp%2Fv2%2Fcomments&post=1338"}],"version-history":[{"count":4,"href":"https:\/\/main.cse-initiative.eu\/index.php?rest_route=\/wp\/v2\/posts\/1338\/revisions"}],"predecessor-version":[{"id":1347,"href":"https:\/\/main.cse-initiative.eu\/index.php?rest_route=\/wp\/v2\/posts\/1338\/revisions\/1347"}],"wp:attachment":[{"href":"https:\/\/main.cse-initiative.eu\/index.php?rest_route=%2Fwp%2Fv2%2Fmedia&parent=1338"}],"wp:term":[{"taxonomy":"category","embeddable":true,"href":"https:\/\/main.cse-initiative.eu\/index.php?rest_route=%2Fwp%2Fv2%2Fcategories&post=1338"},{"taxonomy":"post_tag","embeddable":true,"href":"https:\/\/main.cse-initiative.eu\/index.php?rest_route=%2Fwp%2Fv2%2Ftags&post=1338"}],"curies":[{"name":"wp","href":"https:\/\/api.w.org\/{rel}","templated":true}]}}